{"id":490,"date":"2026-04-17T10:00:00","date_gmt":"2026-04-17T10:00:00","guid":{"rendered":"https:\/\/surdejalisco.com.mx\/blog\/?p=490"},"modified":"2026-03-26T19:54:43","modified_gmt":"2026-03-26T19:54:43","slug":"dia-internacional-monumentos-sitios-viaje-historia","status":"publish","type":"post","link":"https:\/\/surdejalisco.com.mx\/blog\/dia-internacional-monumentos-sitios-viaje-historia\/","title":{"rendered":"D\u00eda de Monumentos y Sitios: Viaja a la Historia en Autob\u00fas"},"content":{"rendered":"\n<p>Cada 18 de abril, el mundo celebra el&nbsp;<strong>D\u00eda Internacional de los Monumentos y Sitios<\/strong>, una fecha para honrar el patrimonio que nos define y las historias que nos han construido. M\u00e1s que piedras y edificios antiguos, estos lugares son c\u00e1psulas del tiempo, testigos silenciosos de nuestro pasado que esperan ser descubiertos. \u00bfY qu\u00e9 mejor manera de conectar con estas ra\u00edces que viajando? Te proponemos una ruta en autob\u00fas para redescubrir los tesoros hist\u00f3ricos que se esconden en el occidente de M\u00e9xico.<\/p>\n\n\n\n<h2 class=\"wp-block-heading\">Guadalajara: Un Museo al Aire Libre<\/h2>\n\n\n\n<p>La capital de Jalisco es un epicentro de historia y arquitectura. Su centro hist\u00f3rico es, en s\u00ed mismo, un monumento vivo que narra siglos de historia, desde la \u00e9poca colonial hasta los momentos clave de la Reforma.<\/p>\n\n\n<div class=\"wp-block-image\">\n<figure class=\"aligncenter size-full is-resized\"><img fetchpriority=\"high\" decoding=\"async\" width=\"1000\" height=\"667\" src=\"https:\/\/surdejalisco.com.mx\/blog\/wp-content\/uploads\/2026\/03\/dia-internacional-monumentos-sitios-viaje-historia.webp\" alt=\"En el D\u00eda Internacional de los Monumentos y Sitios, te invitamos a explorar la historia. Descubre lugares hist\u00f3ricos en Jalisco y Michoac\u00e1n viajando en autob\u00fas.\" class=\"wp-image-491\" style=\"aspect-ratio:1.4992706158290667;width:479px;height:auto\" srcset=\"https:\/\/surdejalisco.com.mx\/blog\/wp-content\/uploads\/2026\/03\/dia-internacional-monumentos-sitios-viaje-historia.webp 1000w, https:\/\/surdejalisco.com.mx\/blog\/wp-content\/uploads\/2026\/03\/dia-internacional-monumentos-sitios-viaje-historia-300x200.webp 300w, https:\/\/surdejalisco.com.mx\/blog\/wp-content\/uploads\/2026\/03\/dia-internacional-monumentos-sitios-viaje-historia-768x512.webp 768w, https:\/\/surdejalisco.com.mx\/blog\/wp-content\/uploads\/2026\/03\/dia-internacional-monumentos-sitios-viaje-historia-930x620.webp 930w\" sizes=\"(max-width: 1000px) 100vw, 1000px\" \/><\/figure>\n<\/div>\n\n\n<h3 class=\"wp-block-heading\">El Coraz\u00f3n Hist\u00f3rico de Jalisco<\/h3>\n\n\n\n<p>\u00bfQu\u00e9 lugares visitar para sentir la historia tapat\u00eda? El punto de partida es, sin duda, la majestuosa Catedral Metropolitana, flanqueada por la Plaza de Armas y el Palacio de Gobierno. Este \u00faltimo no es solo una joya arquitect\u00f3nica, sino un sitio crucial en la historia de M\u00e9xico, al haber sido sede del gobierno de Benito Ju\u00e1rez. Muy cerca de all\u00ed, el Instituto Cultural Caba\u00f1as, declarado Patrimonio de la Humanidad por la UNESCO, te espera con los impresionantes murales de Jos\u00e9 Clemente Orozco. Explorar este circuito a pie es la mejor forma de celebrar el&nbsp;<strong>D\u00eda Internacional de los Monumentos y Sitios<\/strong>.<\/p>\n\n\n\n<h2 class=\"wp-block-heading\">Michoac\u00e1n: Donde la Historia se Viste de Cantera Rosa<\/h2>\n\n\n\n<p>El estado de Michoac\u00e1n es un tesoro de arquitectura colonial y tradiciones vivas. Sus ciudades y pueblos son un testimonio de un rico pasado que se refleja en cada plaza y cada fachada.<\/p>\n\n\n\n<h3 class=\"wp-block-heading\">La Elegancia Colonial de Zamora<\/h3>\n\n\n\n<p>La ciudad de&nbsp;<strong>Zamora<\/strong>&nbsp;es un destino que sorprende por su riqueza arquitect\u00f3nica. Su centro hist\u00f3rico est\u00e1 dominado por el imponente Santuario de Guadalupe, una de las iglesias neog\u00f3ticas m\u00e1s grandes del mundo. Caminar por sus calles te permitir\u00e1 admirar numerosas casonas de cantera y hierro forjado, testigos de la prosperidad de la regi\u00f3n.<\/p>\n\n\n\n<h3 class=\"wp-block-heading\">Jiquilpan: El Pueblo M\u00e1gico de los Murales<\/h3>\n\n\n\n<p>\u00bfBuscas un lugar donde el arte y la historia convergen? El Pueblo M\u00e1gico de&nbsp;<strong>Jiquilpan<\/strong>&nbsp;es tu destino. Conocido como \u00abLa ciudad de las jacarandas\u00bb, tambi\u00e9n es cuna de importantes figuras hist\u00f3ricas y art\u00edsticas. No dejes de visitar la Biblioteca P\u00fablica, ubicada en un antiguo convento, para admirar los murales de Jos\u00e9 Clemente Orozco. Si tienes dudas sobre c\u00f3mo planificar tu ruta para visitar estos sitios, puedes consultar nuestra secci\u00f3n de&nbsp;<a href=\"https:\/\/www.google.com\/url?q=https%3A%2F%2Fsurdejalisco.com.mx%2Fpreguntas-frecuentes.html\" target=\"_blank\" rel=\"noreferrer noopener\">https:\/\/surdejalisco.com.mx\/preguntas-frecuentes.html<\/a>.<\/p>\n\n\n\n<h2 class=\"wp-block-heading\">El Legado Discreto del Sur de Jalisco<\/h2>\n\n\n\n<p>La historia no solo se encuentra en las grandes catedrales. Los pueblos del sur de Jalisco, como&nbsp;<strong>Sayula<\/strong>&nbsp;y&nbsp;<strong>Ciudad Guzm\u00e1n<\/strong>, guardan en sus plazas, portales y parroquias un encanto hist\u00f3rico m\u00e1s \u00edntimo pero igualmente valioso. Un viaje por estas localidades te permitir\u00e1 descubrir la vida cotidiana de anta\u00f1o y la arquitectura vern\u00e1cula que define a la regi\u00f3n. Si te interesa armar un recorrido por varios de estos puntos, existen opciones econ\u00f3micas que puedes consultar en&nbsp;<a href=\"https:\/\/www.google.com\/url?q=https%3A%2F%2Fsurdejalisco.com.mx%2Ftravel-pass.html\" target=\"_blank\" rel=\"noreferrer noopener\">https:\/\/surdejalisco.com.mx\/travel-pass.html<\/a>.<\/p>\n\n\n\n<p>En este&nbsp;<strong>D\u00eda Internacional de los Monumentos y Sitios<\/strong>, la invitaci\u00f3n est\u00e1 abierta. Toma un autob\u00fas, elige un destino y prep\u00e1rate para un viaje que no solo te llevar\u00e1 a un nuevo lugar, sino tambi\u00e9n a otro tiempo. Explora todas las rutas que te conectan con nuestro patrimonio en&nbsp;<a href=\"https:\/\/www.google.com\/url?q=https%3A%2F%2Fsurdejalisco.com.mx%2F\" target=\"_blank\" rel=\"noreferrer noopener\">https:\/\/surdejalisco.com.mx\/<\/a>.<\/p>\n\n\n\n<h2 class=\"wp-block-heading\">Preguntas Frecuentes sobre el D\u00eda Internacional de los Monumentos y Sitios<\/h2>\n\n\n\n<h3 class=\"wp-block-heading\">\u00bfPor qu\u00e9 se celebra el 18 de abril?<\/h3>\n\n\n\n<p>Esta fecha fue propuesta por el Consejo Internacional de Monumentos y Sitios (ICOMOS) en 1982 y aprobada por la UNESCO. Su objetivo es promover la conciencia sobre la diversidad del patrimonio cultural de la humanidad, su vulnerabilidad y los esfuerzos que se requieren para su protecci\u00f3n y conservaci\u00f3n.<\/p>\n\n\n\n<h3 class=\"wp-block-heading\">\u00bfQu\u00e9 se considera un \u00abmonumento\u00bb o un \u00absitio\u00bb?<\/h3>\n\n\n\n<p>Un monumento puede ser una escultura, un edificio hist\u00f3rico o una estructura arquitect\u00f3nica de valor. Un sitio es un \u00e1rea m\u00e1s amplia, como un centro hist\u00f3rico, un paisaje cultural o un sitio arqueol\u00f3gico, que tiene un valor universal excepcional desde el punto de vista de la historia, el arte o la ciencia.<\/p>\n\n\n\n<h3 class=\"wp-block-heading\">\u00bfC\u00f3mo puedo contribuir a la conservaci\u00f3n de estos lugares cuando viajo?<\/h3>\n\n\n\n<p>Puedes hacerlo de formas muy sencillas: no tocando las estructuras antiguas, no dejando basura, siguiendo siempre los senderos marcados, respetando las reglas de cada lugar y, sobre todo, aprendiendo sobre su historia para valorar su importancia.<\/p>\n\n\n\n<h3 class=\"wp-block-heading\">\u00bfViajar en autob\u00fas es una buena opci\u00f3n para hacer turismo cultural e hist\u00f3rico?<\/h3>\n\n\n\n<p>Es una opci\u00f3n excelente. El autob\u00fas te permite llegar directamente a los centros hist\u00f3ricos de las ciudades y pueblos, que es donde se concentra la mayor parte del patrimonio arquitect\u00f3nico. Esto facilita la exploraci\u00f3n a pie y te sumerge de lleno en la atm\u00f3sfera del lugar.<\/p>\n\n\n\n<p class=\"has-medium-font-size\"><strong>Viaja c\u00f3modo, seguro y con el sabor aut\u00e9ntico del occidente mexicano con Sur de Jalisco.<\/strong><br>Descubre lo mejor de Jalisco, Colima y Michoac\u00e1n mientras disfrutas de un servicio cercano, confiable y pensado para ti, tu familia y tus amigos.<\/p>\n\n\n\n<p class=\"has-medium-font-size\">Al elegir Sur de Jalisco, eliges m\u00e1s que transporte: eliges tradici\u00f3n, calidad y una experiencia de viaje que conecta comunidades, historias y destinos \u00fanicos. Nos enorgullece ofrecerte un servicio humano, respaldado por m\u00e1s de 80 a\u00f1os de experiencia en transporte terrestre regional.<\/p>\n\n\n\n<p class=\"has-medium-font-size\">No dejes pasar la oportunidad de recorrer el coraz\u00f3n del occidente mexicano con comodidad y confianza.<br>Adquiere tus boletos en nuestras taquillas, en la app de Sur de Jalisco o en nuestro sitio web: <a href=\"https:\/\/www.surdejalisco.com.mx\/\">www.surdejalisco.com.mx<\/a><br>\u00a1Tu pr\u00f3ximo destino te espera con Sur de Jalisco!<\/p>\n","protected":false},"excerpt":{"rendered":"<p>Cada 18 de abril, el mundo celebra el&nbsp;D\u00eda Internacional de los Monumentos y Sitios, una fecha para honrar el patrimonio que nos define y las historias que nos han construido. M\u00e1s que piedras y edificios antiguos, estos lugares son c\u00e1psulas del tiempo, testigos silenciosos de nuestro pasado que esperan ser descubiertos. \u00bfY qu\u00e9 mejor manera de conectar con estas ra\u00edces que viajando? Te proponemos una ruta en autob\u00fas para redescubrir los tesoros hist\u00f3ricos que se esconden en el occidente de M\u00e9xico. Guadalajara: Un Museo al Aire Libre La capital de Jalisco es un epicentro de historia y arquitectura. Su centro hist\u00f3rico es, en s\u00ed mismo, un monumento vivo que narra siglos de historia, desde la \u00e9poca colonial hasta los momentos clave de la Reforma. El Coraz\u00f3n Hist\u00f3rico de Jalisco \u00bfQu\u00e9 lugares visitar para sentir la historia tapat\u00eda? El punto de partida es, sin duda, la majestuosa Catedral Metropolitana, flanqueada por la Plaza de Armas y el Palacio de Gobierno. Este \u00faltimo no es solo una joya arquitect\u00f3nica, sino un sitio crucial en la historia de M\u00e9xico, al haber sido sede del gobierno de Benito Ju\u00e1rez. Muy cerca de all\u00ed, el Instituto Cultural Caba\u00f1as, declarado Patrimonio de la Humanidad por la UNESCO, te espera con los impresionantes murales de Jos\u00e9 Clemente Orozco. Explorar este circuito a pie es la mejor forma de celebrar el&nbsp;D\u00eda Internacional de los Monumentos y Sitios. Michoac\u00e1n: Donde la Historia se Viste de Cantera Rosa El estado de Michoac\u00e1n es un tesoro de arquitectura colonial y tradiciones vivas. Sus ciudades y pueblos son un testimonio de un rico pasado que se refleja en cada plaza y cada fachada. La Elegancia Colonial de Zamora La ciudad de&nbsp;Zamora&nbsp;es un destino que sorprende por su riqueza arquitect\u00f3nica. Su centro hist\u00f3rico est\u00e1 dominado por el imponente Santuario de Guadalupe, una de las iglesias neog\u00f3ticas m\u00e1s grandes del mundo. Caminar por sus calles te permitir\u00e1 admirar numerosas casonas de cantera y hierro forjado, testigos de la prosperidad de la regi\u00f3n. Jiquilpan: El Pueblo M\u00e1gico de los Murales \u00bfBuscas un lugar donde el arte y la historia convergen? El Pueblo M\u00e1gico de&nbsp;Jiquilpan&nbsp;es tu destino. Conocido como \u00abLa ciudad de las jacarandas\u00bb, tambi\u00e9n es cuna de importantes figuras hist\u00f3ricas y art\u00edsticas. No dejes de visitar la Biblioteca P\u00fablica, ubicada en un antiguo convento, para admirar los murales de Jos\u00e9 Clemente Orozco. Si tienes dudas sobre c\u00f3mo planificar tu ruta para visitar estos sitios, puedes consultar nuestra secci\u00f3n de&nbsp;https:\/\/surdejalisco.com.mx\/preguntas-frecuentes.html. El Legado Discreto del Sur de Jalisco La historia no solo se encuentra en las grandes catedrales. Los pueblos del sur de Jalisco, como&nbsp;Sayula&nbsp;y&nbsp;Ciudad Guzm\u00e1n, guardan en sus plazas, portales y parroquias un encanto hist\u00f3rico m\u00e1s \u00edntimo pero igualmente valioso. Un viaje por estas localidades te permitir\u00e1 descubrir la vida cotidiana de anta\u00f1o y la arquitectura vern\u00e1cula que define a la regi\u00f3n. Si te interesa armar un recorrido por varios de estos puntos, existen opciones econ\u00f3micas que puedes consultar en&nbsp;https:\/\/surdejalisco.com.mx\/travel-pass.html. En este&nbsp;D\u00eda Internacional de los Monumentos y Sitios, la invitaci\u00f3n est\u00e1 abierta. Toma un autob\u00fas, elige un destino y prep\u00e1rate para un viaje que no solo te llevar\u00e1 a un nuevo lugar, sino tambi\u00e9n a otro tiempo. Explora todas las rutas que te conectan con nuestro patrimonio en&nbsp;https:\/\/surdejalisco.com.mx\/. Preguntas Frecuentes sobre el D\u00eda Internacional de los Monumentos y Sitios \u00bfPor qu\u00e9 se celebra el 18 de abril? Esta fecha fue propuesta por el Consejo Internacional de Monumentos y Sitios (ICOMOS) en 1982 y aprobada por la UNESCO. Su objetivo es promover la conciencia sobre la diversidad del patrimonio cultural de la humanidad, su vulnerabilidad y los esfuerzos que se requieren para su protecci\u00f3n y conservaci\u00f3n. \u00bfQu\u00e9 se considera un \u00abmonumento\u00bb o un \u00absitio\u00bb? Un monumento puede ser una escultura, un edificio hist\u00f3rico o una estructura arquitect\u00f3nica de valor. Un sitio es un \u00e1rea m\u00e1s amplia, como un centro hist\u00f3rico, un paisaje cultural o un sitio arqueol\u00f3gico, que tiene un valor universal excepcional desde el punto de vista de la historia, el arte o la ciencia. \u00bfC\u00f3mo puedo contribuir a la conservaci\u00f3n de estos lugares cuando viajo? Puedes hacerlo de formas muy sencillas: no tocando las estructuras antiguas, no dejando basura, siguiendo siempre los senderos marcados, respetando las reglas de cada lugar y, sobre todo, aprendiendo sobre su historia para valorar su importancia. \u00bfViajar en autob\u00fas es una buena opci\u00f3n para hacer turismo cultural e hist\u00f3rico? Es una opci\u00f3n excelente. El autob\u00fas te permite llegar directamente a los centros hist\u00f3ricos de las ciudades y pueblos, que es donde se concentra la mayor parte del patrimonio arquitect\u00f3nico. Esto facilita la exploraci\u00f3n a pie y te sumerge de lleno en la atm\u00f3sfera del lugar. Viaja c\u00f3modo, seguro y con el sabor aut\u00e9ntico del occidente mexicano con Sur de Jalisco.Descubre lo mejor de Jalisco, Colima y Michoac\u00e1n mientras disfrutas de un servicio cercano, confiable y pensado para ti, tu familia y tus amigos. Al elegir Sur de Jalisco, eliges m\u00e1s que transporte: eliges tradici\u00f3n, calidad y una experiencia de viaje que conecta comunidades, historias y destinos \u00fanicos. Nos enorgullece ofrecerte un servicio humano, respaldado por m\u00e1s de 80 a\u00f1os de experiencia en transporte terrestre regional. No dejes pasar la oportunidad de recorrer el coraz\u00f3n del occidente mexicano con comodidad y confianza.Adquiere tus boletos en nuestras taquillas, en la app de Sur de Jalisco o en nuestro sitio web: www.surdejalisco.com.mx\u00a1Tu pr\u00f3ximo destino te espera con Sur de Jalisco!<\/p>\n","protected":false},"author":2,"featured_media":492,"comment_status":"open","ping_status":"open","sticky":false,"template":"","format":"standard","meta":{"neve_meta_sidebar":"","neve_meta_container":"","neve_meta_enable_content_width":"","neve_meta_content_width":0,"neve_meta_title_alignment":"","neve_meta_author_avatar":"","neve_post_elements_order":"","neve_meta_disable_header":"","neve_meta_disable_footer":"","neve_meta_disable_title":"","footnotes":""},"categories":[3,2,7,13,10,17,8,4,5],"tags":[],"class_list":["post-490","post","type-post","status-publish","format-standard","has-post-thumbnail","hentry","category-autobuses","category-boletos-de-autobus","category-ciudades","category-cultura","category-destinos","category-ecoturismo-y-aventura","category-pueblos-magicos","category-turismo","category-viajes"],"yoast_head":"<!-- This site is optimized with the Yoast SEO plugin v26.6 - https:\/\/yoast.com\/wordpress\/plugins\/seo\/ -->\n<title>D\u00eda de Monumentos y Sitios | Autov\u00edas La L\u00ednea<\/title>\n<meta name=\"description\" content=\"En el D\u00eda Internacional de los Monumentos y Sitios, te invitamos a explorar la historia. Descubre lugares hist\u00f3ricos en Jalisco y Michoac\u00e1n viajando en autob\u00fas.\" \/>\n<meta name=\"robots\" content=\"index, follow, max-snippet:-1, max-image-preview:large, max-video-preview:-1\" \/>\n<link rel=\"canonical\" href=\"https:\/\/surdejalisco.com.mx\/blog\/dia-internacional-monumentos-sitios-viaje-historia\/\" \/>\n<meta property=\"og:locale\" content=\"es_ES\" \/>\n<meta property=\"og:type\" content=\"article\" \/>\n<meta property=\"og:title\" content=\"D\u00eda de Monumentos y Sitios | Autov\u00edas La L\u00ednea\" \/>\n<meta property=\"og:description\" content=\"En el D\u00eda Internacional de los Monumentos y Sitios, te invitamos a explorar la historia. Descubre lugares hist\u00f3ricos en Jalisco y Michoac\u00e1n viajando en autob\u00fas.\" \/>\n<meta property=\"og:url\" content=\"https:\/\/surdejalisco.com.mx\/blog\/dia-internacional-monumentos-sitios-viaje-historia\/\" \/>\n<meta property=\"og:site_name\" content=\"Blog Sur de Jalisco\" \/>\n<meta property=\"article:published_time\" content=\"2026-04-17T10:00:00+00:00\" \/>\n<meta property=\"og:image\" content=\"https:\/\/surdejalisco.com.mx\/blog\/wp-content\/uploads\/2026\/03\/dia-internacional-monumentos-sitios-viaje-historia-sur.webp\" \/>\n\t<meta property=\"og:image:width\" content=\"1000\" \/>\n\t<meta property=\"og:image:height\" content=\"668\" \/>\n\t<meta property=\"og:image:type\" content=\"image\/webp\" \/>\n<meta name=\"author\" content=\"Sur de Jalisco Autobuses\" \/>\n<meta name=\"twitter:card\" content=\"summary_large_image\" \/>\n<meta name=\"twitter:label1\" content=\"Escrito por\" \/>\n\t<meta name=\"twitter:data1\" content=\"Sur de Jalisco Autobuses\" \/>\n\t<meta name=\"twitter:label2\" content=\"Tiempo de lectura\" \/>\n\t<meta name=\"twitter:data2\" content=\"5 minutos\" \/>\n<script type=\"application\/ld+json\" class=\"yoast-schema-graph\">{\"@context\":\"https:\/\/schema.org\",\"@graph\":[{\"@type\":\"Article\",\"@id\":\"https:\/\/surdejalisco.com.mx\/blog\/dia-internacional-monumentos-sitios-viaje-historia\/#article\",\"isPartOf\":{\"@id\":\"https:\/\/surdejalisco.com.mx\/blog\/dia-internacional-monumentos-sitios-viaje-historia\/\"},\"author\":{\"name\":\"Sur de Jalisco Autobuses\",\"@id\":\"https:\/\/surdejalisco.com.mx\/blog\/#\/schema\/person\/6b5a3b272c05241d85ec157c75303414\"},\"headline\":\"D\u00eda de Monumentos y Sitios: Viaja a la Historia en Autob\u00fas\",\"datePublished\":\"2026-04-17T10:00:00+00:00\",\"mainEntityOfPage\":{\"@id\":\"https:\/\/surdejalisco.com.mx\/blog\/dia-internacional-monumentos-sitios-viaje-historia\/\"},\"wordCount\":1012,\"commentCount\":0,\"publisher\":{\"@id\":\"https:\/\/surdejalisco.com.mx\/blog\/#organization\"},\"image\":{\"@id\":\"https:\/\/surdejalisco.com.mx\/blog\/dia-internacional-monumentos-sitios-viaje-historia\/#primaryimage\"},\"thumbnailUrl\":\"https:\/\/surdejalisco.com.mx\/blog\/wp-content\/uploads\/2026\/03\/dia-internacional-monumentos-sitios-viaje-historia-sur.webp\",\"articleSection\":[\"autobuses\",\"boletos de autobus\",\"ciudades\",\"cultura\",\"destinos\",\"ecoturismo y aventura\",\"pueblos magicos\",\"turismo\",\"viajes\"],\"inLanguage\":\"es\",\"potentialAction\":[{\"@type\":\"CommentAction\",\"name\":\"Comment\",\"target\":[\"https:\/\/surdejalisco.com.mx\/blog\/dia-internacional-monumentos-sitios-viaje-historia\/#respond\"]}]},{\"@type\":\"WebPage\",\"@id\":\"https:\/\/surdejalisco.com.mx\/blog\/dia-internacional-monumentos-sitios-viaje-historia\/\",\"url\":\"https:\/\/surdejalisco.com.mx\/blog\/dia-internacional-monumentos-sitios-viaje-historia\/\",\"name\":\"D\u00eda de Monumentos y Sitios | Autov\u00edas La L\u00ednea\",\"isPartOf\":{\"@id\":\"https:\/\/surdejalisco.com.mx\/blog\/#website\"},\"primaryImageOfPage\":{\"@id\":\"https:\/\/surdejalisco.com.mx\/blog\/dia-internacional-monumentos-sitios-viaje-historia\/#primaryimage\"},\"image\":{\"@id\":\"https:\/\/surdejalisco.com.mx\/blog\/dia-internacional-monumentos-sitios-viaje-historia\/#primaryimage\"},\"thumbnailUrl\":\"https:\/\/surdejalisco.com.mx\/blog\/wp-content\/uploads\/2026\/03\/dia-internacional-monumentos-sitios-viaje-historia-sur.webp\",\"datePublished\":\"2026-04-17T10:00:00+00:00\",\"description\":\"En el D\u00eda Internacional de los Monumentos y Sitios, te invitamos a explorar la historia. Descubre lugares hist\u00f3ricos en Jalisco y Michoac\u00e1n viajando en autob\u00fas.\",\"breadcrumb\":{\"@id\":\"https:\/\/surdejalisco.com.mx\/blog\/dia-internacional-monumentos-sitios-viaje-historia\/#breadcrumb\"},\"inLanguage\":\"es\",\"potentialAction\":[{\"@type\":\"ReadAction\",\"target\":[\"https:\/\/surdejalisco.com.mx\/blog\/dia-internacional-monumentos-sitios-viaje-historia\/\"]}]},{\"@type\":\"ImageObject\",\"inLanguage\":\"es\",\"@id\":\"https:\/\/surdejalisco.com.mx\/blog\/dia-internacional-monumentos-sitios-viaje-historia\/#primaryimage\",\"url\":\"https:\/\/surdejalisco.com.mx\/blog\/wp-content\/uploads\/2026\/03\/dia-internacional-monumentos-sitios-viaje-historia-sur.webp\",\"contentUrl\":\"https:\/\/surdejalisco.com.mx\/blog\/wp-content\/uploads\/2026\/03\/dia-internacional-monumentos-sitios-viaje-historia-sur.webp\",\"width\":1000,\"height\":668,\"caption\":\"En el D\u00eda Internacional de los Monumentos y Sitios, te invitamos a explorar la historia. Descubre lugares hist\u00f3ricos en Jalisco y Michoac\u00e1n viajando en autob\u00fas.\"},{\"@type\":\"BreadcrumbList\",\"@id\":\"https:\/\/surdejalisco.com.mx\/blog\/dia-internacional-monumentos-sitios-viaje-historia\/#breadcrumb\",\"itemListElement\":[{\"@type\":\"ListItem\",\"position\":1,\"name\":\"Portada\",\"item\":\"https:\/\/surdejalisco.com.mx\/blog\/\"},{\"@type\":\"ListItem\",\"position\":2,\"name\":\"D\u00eda de Monumentos y Sitios: Viaja a la Historia en Autob\u00fas\"}]},{\"@type\":\"WebSite\",\"@id\":\"https:\/\/surdejalisco.com.mx\/blog\/#website\",\"url\":\"https:\/\/surdejalisco.com.mx\/blog\/\",\"name\":\"Blog Sur de Jalisco\",\"description\":\"Just another WordPress site\",\"publisher\":{\"@id\":\"https:\/\/surdejalisco.com.mx\/blog\/#organization\"},\"potentialAction\":[{\"@type\":\"SearchAction\",\"target\":{\"@type\":\"EntryPoint\",\"urlTemplate\":\"https:\/\/surdejalisco.com.mx\/blog\/?s={search_term_string}\"},\"query-input\":{\"@type\":\"PropertyValueSpecification\",\"valueRequired\":true,\"valueName\":\"search_term_string\"}}],\"inLanguage\":\"es\"},{\"@type\":\"Organization\",\"@id\":\"https:\/\/surdejalisco.com.mx\/blog\/#organization\",\"name\":\"Autobuses Sur de Jalisco\",\"url\":\"https:\/\/surdejalisco.com.mx\/blog\/\",\"logo\":{\"@type\":\"ImageObject\",\"inLanguage\":\"es\",\"@id\":\"https:\/\/surdejalisco.com.mx\/blog\/#\/schema\/logo\/image\/\",\"url\":\"https:\/\/surdejalisco.com.mx\/blog\/wp-content\/uploads\/2025\/10\/surdejalisco_logo.webp\",\"contentUrl\":\"https:\/\/surdejalisco.com.mx\/blog\/wp-content\/uploads\/2025\/10\/surdejalisco_logo.webp\",\"width\":601,\"height\":319,\"caption\":\"Autobuses Sur de Jalisco\"},\"image\":{\"@id\":\"https:\/\/surdejalisco.com.mx\/blog\/#\/schema\/logo\/image\/\"}},{\"@type\":\"Person\",\"@id\":\"https:\/\/surdejalisco.com.mx\/blog\/#\/schema\/person\/6b5a3b272c05241d85ec157c75303414\",\"name\":\"Sur de Jalisco Autobuses\",\"image\":{\"@type\":\"ImageObject\",\"inLanguage\":\"es\",\"@id\":\"https:\/\/surdejalisco.com.mx\/blog\/#\/schema\/person\/image\/\",\"url\":\"https:\/\/secure.gravatar.com\/avatar\/972c44cb62d153f3a3644322de65d35f68a87c12aedab694ff3df52b780d9253?s=96&d=mm&r=g\",\"contentUrl\":\"https:\/\/secure.gravatar.com\/avatar\/972c44cb62d153f3a3644322de65d35f68a87c12aedab694ff3df52b780d9253?s=96&d=mm&r=g\",\"caption\":\"Sur de Jalisco Autobuses\"},\"sameAs\":[\"https:\/\/surdejalisco.com.mx\"],\"url\":\"https:\/\/surdejalisco.com.mx\/blog\/author\/surdejalisco\/\"}]}<\/script>\n<!-- \/ Yoast SEO plugin. -->","yoast_head_json":{"title":"D\u00eda de Monumentos y Sitios | Autov\u00edas La L\u00ednea","description":"En el D\u00eda Internacional de los Monumentos y Sitios, te invitamos a explorar la historia. Descubre lugares hist\u00f3ricos en Jalisco y Michoac\u00e1n viajando en autob\u00fas.","robots":{"index":"index","follow":"follow","max-snippet":"max-snippet:-1","max-image-preview":"max-image-preview:large","max-video-preview":"max-video-preview:-1"},"canonical":"https:\/\/surdejalisco.com.mx\/blog\/dia-internacional-monumentos-sitios-viaje-historia\/","og_locale":"es_ES","og_type":"article","og_title":"D\u00eda de Monumentos y Sitios | Autov\u00edas La L\u00ednea","og_description":"En el D\u00eda Internacional de los Monumentos y Sitios, te invitamos a explorar la historia. Descubre lugares hist\u00f3ricos en Jalisco y Michoac\u00e1n viajando en autob\u00fas.","og_url":"https:\/\/surdejalisco.com.mx\/blog\/dia-internacional-monumentos-sitios-viaje-historia\/","og_site_name":"Blog Sur de Jalisco","article_published_time":"2026-04-17T10:00:00+00:00","og_image":[{"width":1000,"height":668,"url":"https:\/\/surdejalisco.com.mx\/blog\/wp-content\/uploads\/2026\/03\/dia-internacional-monumentos-sitios-viaje-historia-sur.webp","type":"image\/webp"}],"author":"Sur de Jalisco Autobuses","twitter_card":"summary_large_image","twitter_misc":{"Escrito por":"Sur de Jalisco Autobuses","Tiempo de lectura":"5 minutos"},"schema":{"@context":"https:\/\/schema.org","@graph":[{"@type":"Article","@id":"https:\/\/surdejalisco.com.mx\/blog\/dia-internacional-monumentos-sitios-viaje-historia\/#article","isPartOf":{"@id":"https:\/\/surdejalisco.com.mx\/blog\/dia-internacional-monumentos-sitios-viaje-historia\/"},"author":{"name":"Sur de Jalisco Autobuses","@id":"https:\/\/surdejalisco.com.mx\/blog\/#\/schema\/person\/6b5a3b272c05241d85ec157c75303414"},"headline":"D\u00eda de Monumentos y Sitios: Viaja a la Historia en Autob\u00fas","datePublished":"2026-04-17T10:00:00+00:00","mainEntityOfPage":{"@id":"https:\/\/surdejalisco.com.mx\/blog\/dia-internacional-monumentos-sitios-viaje-historia\/"},"wordCount":1012,"commentCount":0,"publisher":{"@id":"https:\/\/surdejalisco.com.mx\/blog\/#organization"},"image":{"@id":"https:\/\/surdejalisco.com.mx\/blog\/dia-internacional-monumentos-sitios-viaje-historia\/#primaryimage"},"thumbnailUrl":"https:\/\/surdejalisco.com.mx\/blog\/wp-content\/uploads\/2026\/03\/dia-internacional-monumentos-sitios-viaje-historia-sur.webp","articleSection":["autobuses","boletos de autobus","ciudades","cultura","destinos","ecoturismo y aventura","pueblos magicos","turismo","viajes"],"inLanguage":"es","potentialAction":[{"@type":"CommentAction","name":"Comment","target":["https:\/\/surdejalisco.com.mx\/blog\/dia-internacional-monumentos-sitios-viaje-historia\/#respond"]}]},{"@type":"WebPage","@id":"https:\/\/surdejalisco.com.mx\/blog\/dia-internacional-monumentos-sitios-viaje-historia\/","url":"https:\/\/surdejalisco.com.mx\/blog\/dia-internacional-monumentos-sitios-viaje-historia\/","name":"D\u00eda de Monumentos y Sitios | Autov\u00edas La L\u00ednea","isPartOf":{"@id":"https:\/\/surdejalisco.com.mx\/blog\/#website"},"primaryImageOfPage":{"@id":"https:\/\/surdejalisco.com.mx\/blog\/dia-internacional-monumentos-sitios-viaje-historia\/#primaryimage"},"image":{"@id":"https:\/\/surdejalisco.com.mx\/blog\/dia-internacional-monumentos-sitios-viaje-historia\/#primaryimage"},"thumbnailUrl":"https:\/\/surdejalisco.com.mx\/blog\/wp-content\/uploads\/2026\/03\/dia-internacional-monumentos-sitios-viaje-historia-sur.webp","datePublished":"2026-04-17T10:00:00+00:00","description":"En el D\u00eda Internacional de los Monumentos y Sitios, te invitamos a explorar la historia. Descubre lugares hist\u00f3ricos en Jalisco y Michoac\u00e1n viajando en autob\u00fas.","breadcrumb":{"@id":"https:\/\/surdejalisco.com.mx\/blog\/dia-internacional-monumentos-sitios-viaje-historia\/#breadcrumb"},"inLanguage":"es","potentialAction":[{"@type":"ReadAction","target":["https:\/\/surdejalisco.com.mx\/blog\/dia-internacional-monumentos-sitios-viaje-historia\/"]}]},{"@type":"ImageObject","inLanguage":"es","@id":"https:\/\/surdejalisco.com.mx\/blog\/dia-internacional-monumentos-sitios-viaje-historia\/#primaryimage","url":"https:\/\/surdejalisco.com.mx\/blog\/wp-content\/uploads\/2026\/03\/dia-internacional-monumentos-sitios-viaje-historia-sur.webp","contentUrl":"https:\/\/surdejalisco.com.mx\/blog\/wp-content\/uploads\/2026\/03\/dia-internacional-monumentos-sitios-viaje-historia-sur.webp","width":1000,"height":668,"caption":"En el D\u00eda Internacional de los Monumentos y Sitios, te invitamos a explorar la historia. Descubre lugares hist\u00f3ricos en Jalisco y Michoac\u00e1n viajando en autob\u00fas."},{"@type":"BreadcrumbList","@id":"https:\/\/surdejalisco.com.mx\/blog\/dia-internacional-monumentos-sitios-viaje-historia\/#breadcrumb","itemListElement":[{"@type":"ListItem","position":1,"name":"Portada","item":"https:\/\/surdejalisco.com.mx\/blog\/"},{"@type":"ListItem","position":2,"name":"D\u00eda de Monumentos y Sitios: Viaja a la Historia en Autob\u00fas"}]},{"@type":"WebSite","@id":"https:\/\/surdejalisco.com.mx\/blog\/#website","url":"https:\/\/surdejalisco.com.mx\/blog\/","name":"Blog Sur de Jalisco","description":"Just another WordPress site","publisher":{"@id":"https:\/\/surdejalisco.com.mx\/blog\/#organization"},"potentialAction":[{"@type":"SearchAction","target":{"@type":"EntryPoint","urlTemplate":"https:\/\/surdejalisco.com.mx\/blog\/?s={search_term_string}"},"query-input":{"@type":"PropertyValueSpecification","valueRequired":true,"valueName":"search_term_string"}}],"inLanguage":"es"},{"@type":"Organization","@id":"https:\/\/surdejalisco.com.mx\/blog\/#organization","name":"Autobuses Sur de Jalisco","url":"https:\/\/surdejalisco.com.mx\/blog\/","logo":{"@type":"ImageObject","inLanguage":"es","@id":"https:\/\/surdejalisco.com.mx\/blog\/#\/schema\/logo\/image\/","url":"https:\/\/surdejalisco.com.mx\/blog\/wp-content\/uploads\/2025\/10\/surdejalisco_logo.webp","contentUrl":"https:\/\/surdejalisco.com.mx\/blog\/wp-content\/uploads\/2025\/10\/surdejalisco_logo.webp","width":601,"height":319,"caption":"Autobuses Sur de Jalisco"},"image":{"@id":"https:\/\/surdejalisco.com.mx\/blog\/#\/schema\/logo\/image\/"}},{"@type":"Person","@id":"https:\/\/surdejalisco.com.mx\/blog\/#\/schema\/person\/6b5a3b272c05241d85ec157c75303414","name":"Sur de Jalisco Autobuses","image":{"@type":"ImageObject","inLanguage":"es","@id":"https:\/\/surdejalisco.com.mx\/blog\/#\/schema\/person\/image\/","url":"https:\/\/secure.gravatar.com\/avatar\/972c44cb62d153f3a3644322de65d35f68a87c12aedab694ff3df52b780d9253?s=96&d=mm&r=g","contentUrl":"https:\/\/secure.gravatar.com\/avatar\/972c44cb62d153f3a3644322de65d35f68a87c12aedab694ff3df52b780d9253?s=96&d=mm&r=g","caption":"Sur de Jalisco Autobuses"},"sameAs":["https:\/\/surdejalisco.com.mx"],"url":"https:\/\/surdejalisco.com.mx\/blog\/author\/surdejalisco\/"}]}},"_links":{"self":[{"href":"https:\/\/surdejalisco.com.mx\/blog\/wp-json\/wp\/v2\/posts\/490","targetHints":{"allow":["GET"]}}],"collection":[{"href":"https:\/\/surdejalisco.com.mx\/blog\/wp-json\/wp\/v2\/posts"}],"about":[{"href":"https:\/\/surdejalisco.com.mx\/blog\/wp-json\/wp\/v2\/types\/post"}],"author":[{"embeddable":true,"href":"https:\/\/surdejalisco.com.mx\/blog\/wp-json\/wp\/v2\/users\/2"}],"replies":[{"embeddable":true,"href":"https:\/\/surdejalisco.com.mx\/blog\/wp-json\/wp\/v2\/comments?post=490"}],"version-history":[{"count":1,"href":"https:\/\/surdejalisco.com.mx\/blog\/wp-json\/wp\/v2\/posts\/490\/revisions"}],"predecessor-version":[{"id":493,"href":"https:\/\/surdejalisco.com.mx\/blog\/wp-json\/wp\/v2\/posts\/490\/revisions\/493"}],"wp:featuredmedia":[{"embeddable":true,"href":"https:\/\/surdejalisco.com.mx\/blog\/wp-json\/wp\/v2\/media\/492"}],"wp:attachment":[{"href":"https:\/\/surdejalisco.com.mx\/blog\/wp-json\/wp\/v2\/media?parent=490"}],"wp:term":[{"taxonomy":"category","embeddable":true,"href":"https:\/\/surdejalisco.com.mx\/blog\/wp-json\/wp\/v2\/categories?post=490"},{"taxonomy":"post_tag","embeddable":true,"href":"https:\/\/surdejalisco.com.mx\/blog\/wp-json\/wp\/v2\/tags?post=490"}],"curies":[{"name":"wp","href":"https:\/\/api.w.org\/{rel}","templated":true}]}}